{"id":1351,"date":"2025-03-19T16:01:19","date_gmt":"2025-03-19T16:01:19","guid":{"rendered":"https:\/\/ucal.edu.pe\/blog\/vive-ucal\/estudiantes-de-ucal-premiados-en-el-xii-concurso-nacional-de-vivienda-social-2024\/"},"modified":"2025-05-31T02:17:28","modified_gmt":"2025-05-31T02:17:28","slug":"estudiantes-de-ucal-premiados-en-el-xii-concurso-nacional-de-vivienda-social-2024","status":"publish","type":"post","link":"https:\/\/ucal.edu.pe\/blog\/arquitectura\/estudiantes-de-ucal-premiados-en-el-xii-concurso-nacional-de-vivienda-social-2024\/","title":{"rendered":"Estudiantes de UCAL Premiados en el XII Concurso Nacional de Vivienda Social 2024"},"content":{"rendered":"<h2>Talento UCAL reconocido en un prestigioso concurso nacional<\/h2>\n<p>Un grupo de talentosos estudiantes de la Universidad de Ciencias y Artes de la Comunicaci\u00f3n (UCAL) destac\u00f3 entre m\u00e1s de 600 equipos participantes a nivel nacional, al recibir una menci\u00f3n honrosa en el XII Concurso Nacional de Vivienda Social 2024 \u00abConstruye para Crecer\u00bb.&nbsp;<\/p>\n<p>Este concurso, organizado por el Ministerio de Vivienda, Saneamiento y Construcci\u00f3n, busca promover soluciones innovadoras para la vivienda social en Per\u00fa. La propuesta de nuestros estudiantes busca resolver problem\u00e1ticas reales de sostenibilidad y accesibilidad.<\/p>\n<p>Conoce m\u00e1s sobre su proyecto <a href=\"https:\/\/www.youtube.com\/watch?v=w4kd3xKg9bQ\" target=\"_blank\">AQU\u00cd<\/a><\/p>\n<h2>UCAL, formando arquitectos con visi\u00f3n y compromiso social<\/h2>\n<p>\u00a1Felicitamos a todos los miembros del equipo! UCAL fue la \u00fanica universidad de Lima que obtuvo este prestigioso reconocimiento, demostrando el alto nivel acad\u00e9mico y creativo de nuestros estudiantes.&nbsp;<\/p>\n<p><strong>Este reconocimiento resalta el esfuerzo y la dedicaci\u00f3n del equipo conformado por los estudiantes:&nbsp;<\/strong><\/p>\n<p>Carlos Niquen Koo<\/p>\n<p>Gabriela Adara Castillo Cornejo<\/p>\n<p>Alejandra Abril Deza Carbonell<\/p>\n<p>Mar\u00eda Lucero Celis Garc\u00eda<\/p>\n<p>Adri\u00e1n Dar\u00edo Soto Ccatamayo<\/p>\n<p>Mirella Geraldine Monteza Solano<\/p>\n<p>\u00a1UCAL sigue demostrando ser un referente de excelencia educativa en el \u00e1mbito de la arquitectura y la construcci\u00f3n! \u00a1Felicitaciones a nuestros estudiantes!<\/p>\n<p>\n\u00bfQu\u00e9 esperas para cambiar el mundo de la <a href=\"https:\/\/ucal.edu.pe\/carreras-universitarias\/mundo-arquitectura?utm_source=meta&amp;utm_medium=non_paid&amp;utm_campaign=ucal-pg-branding-sedes-abierta-no_aplica-arquitectura-20250108&amp;utm_content=brand-%7Bcreative%7D-%7B%7Bad.id%7D%7D-%7Bkeyword%7D&amp;utm_term=organico-instagram_story-hibrido\">arquitectura<\/a>? \u00a1Ven y hazlo en UCAL!<\/p>\n<p>&nbsp;<\/p>\n","protected":false},"excerpt":{"rendered":"<p>Talento UCAL reconocido en un prestigioso concurso nacional Un grupo de talentosos estudiantes de la Universidad de Ciencias y Artes de la Comunicaci\u00f3n (UCAL) destac\u00f3 entre m\u00e1s de 600 equipos participantes a nivel nacional, al recibir una menci\u00f3n honrosa en el XII Concurso Nacional de Vivienda Social 2024 \u00abConstruye para Crecer\u00bb.&nbsp; Este concurso, organizado por [&hellip;]<\/p>\n","protected":false},"author":1,"featured_media":1535,"comment_status":"open","ping_status":"open","sticky":false,"template":"","format":"standard","meta":{"footnotes":""},"categories":[2],"tags":[],"class_list":["post-1351","post","type-post","status-publish","format-standard","has-post-thumbnail","hentry","category-arquitectura"],"yoast_head":"<!-- This site is optimized with the Yoast SEO plugin v25.1 - https:\/\/yoast.com\/wordpress\/plugins\/seo\/ -->\n<title>Estudiantes de UCAL Premiados en el XII Concurso Nacional de Vivienda Social 2024 - Blog UCAL<\/title>\n<meta name=\"robots\" content=\"index, follow, max-snippet:-1, max-image-preview:large, max-video-preview:-1\" \/>\n<link rel=\"canonical\" href=\"https:\/\/ucal.edu.pe\/blog\/arquitectura\/estudiantes-de-ucal-premiados-en-el-xii-concurso-nacional-de-vivienda-social-2024\/\" \/>\n<meta property=\"og:locale\" content=\"es_ES\" \/>\n<meta property=\"og:type\" content=\"article\" \/>\n<meta property=\"og:title\" content=\"Estudiantes de UCAL Premiados en el XII Concurso Nacional de Vivienda Social 2024 - Blog UCAL\" \/>\n<meta property=\"og:description\" content=\"Talento UCAL reconocido en un prestigioso concurso nacional Un grupo de talentosos estudiantes de la Universidad de Ciencias y Artes de la Comunicaci\u00f3n (UCAL) destac\u00f3 entre m\u00e1s de 600 equipos participantes a nivel nacional, al recibir una menci\u00f3n honrosa en el XII Concurso Nacional de Vivienda Social 2024 \u00abConstruye para Crecer\u00bb.&nbsp; Este concurso, organizado por [&hellip;]\" \/>\n<meta property=\"og:url\" content=\"https:\/\/ucal.edu.pe\/blog\/arquitectura\/estudiantes-de-ucal-premiados-en-el-xii-concurso-nacional-de-vivienda-social-2024\/\" \/>\n<meta property=\"og:site_name\" content=\"Blog UCAL\" \/>\n<meta property=\"article:published_time\" content=\"2025-03-19T16:01:19+00:00\" \/>\n<meta property=\"article:modified_time\" content=\"2025-05-31T02:17:28+00:00\" \/>\n<meta property=\"og:image\" content=\"https:\/\/ucal.edu.pe\/blog\/wp-content\/uploads\/2022\/05\/Construye-para-crecer-Banner-1200-x-400-1.jpg.webp\" \/>\n\t<meta property=\"og:image:width\" content=\"1200\" \/>\n\t<meta property=\"og:image:height\" content=\"400\" \/>\n\t<meta property=\"og:image:type\" content=\"image\/webp\" \/>\n<meta name=\"author\" content=\"randy\" \/>\n<meta name=\"twitter:card\" content=\"summary_large_image\" \/>\n<meta name=\"twitter:label1\" content=\"Escrito por\" \/>\n\t<meta name=\"twitter:data1\" content=\"randy\" \/>\n\t<meta name=\"twitter:label2\" content=\"Tiempo de lectura\" \/>\n\t<meta name=\"twitter:data2\" content=\"2 minutos\" \/>\n<script type=\"application\/ld+json\" class=\"yoast-schema-graph\">{\"@context\":\"https:\/\/schema.org\",\"@graph\":[{\"@type\":\"WebPage\",\"@id\":\"https:\/\/ucal.edu.pe\/blog\/arquitectura\/estudiantes-de-ucal-premiados-en-el-xii-concurso-nacional-de-vivienda-social-2024\/\",\"url\":\"https:\/\/ucal.edu.pe\/blog\/arquitectura\/estudiantes-de-ucal-premiados-en-el-xii-concurso-nacional-de-vivienda-social-2024\/\",\"name\":\"Estudiantes de UCAL Premiados en el XII Concurso Nacional de Vivienda Social 2024 - Blog UCAL\",\"isPartOf\":{\"@id\":\"https:\/\/ucal.edu.pe\/blog\/#website\"},\"primaryImageOfPage\":{\"@id\":\"https:\/\/ucal.edu.pe\/blog\/arquitectura\/estudiantes-de-ucal-premiados-en-el-xii-concurso-nacional-de-vivienda-social-2024\/#primaryimage\"},\"image\":{\"@id\":\"https:\/\/ucal.edu.pe\/blog\/arquitectura\/estudiantes-de-ucal-premiados-en-el-xii-concurso-nacional-de-vivienda-social-2024\/#primaryimage\"},\"thumbnailUrl\":\"https:\/\/ucal.edu.pe\/blog\/wp-content\/uploads\/2022\/05\/Construye-para-crecer-Banner-1200-x-400-1.jpg.webp\",\"datePublished\":\"2025-03-19T16:01:19+00:00\",\"dateModified\":\"2025-05-31T02:17:28+00:00\",\"author\":{\"@id\":\"https:\/\/ucal.edu.pe\/blog\/#\/schema\/person\/ced6b59975181db58102c33b968941dc\"},\"breadcrumb\":{\"@id\":\"https:\/\/ucal.edu.pe\/blog\/arquitectura\/estudiantes-de-ucal-premiados-en-el-xii-concurso-nacional-de-vivienda-social-2024\/#breadcrumb\"},\"inLanguage\":\"es\",\"potentialAction\":[{\"@type\":\"ReadAction\",\"target\":[\"https:\/\/ucal.edu.pe\/blog\/arquitectura\/estudiantes-de-ucal-premiados-en-el-xii-concurso-nacional-de-vivienda-social-2024\/\"]}]},{\"@type\":\"ImageObject\",\"inLanguage\":\"es\",\"@id\":\"https:\/\/ucal.edu.pe\/blog\/arquitectura\/estudiantes-de-ucal-premiados-en-el-xii-concurso-nacional-de-vivienda-social-2024\/#primaryimage\",\"url\":\"https:\/\/ucal.edu.pe\/blog\/wp-content\/uploads\/2022\/05\/Construye-para-crecer-Banner-1200-x-400-1.jpg.webp\",\"contentUrl\":\"https:\/\/ucal.edu.pe\/blog\/wp-content\/uploads\/2022\/05\/Construye-para-crecer-Banner-1200-x-400-1.jpg.webp\",\"width\":1200,\"height\":400},{\"@type\":\"BreadcrumbList\",\"@id\":\"https:\/\/ucal.edu.pe\/blog\/arquitectura\/estudiantes-de-ucal-premiados-en-el-xii-concurso-nacional-de-vivienda-social-2024\/#breadcrumb\",\"itemListElement\":[{\"@type\":\"ListItem\",\"position\":1,\"name\":\"Home\",\"item\":\"https:\/\/ucal.edu.pe\/blog\/\"},{\"@type\":\"ListItem\",\"position\":2,\"name\":\"Estudiantes de UCAL Premiados en el XII Concurso Nacional de Vivienda Social 2024\"}]},{\"@type\":\"WebSite\",\"@id\":\"https:\/\/ucal.edu.pe\/blog\/#website\",\"url\":\"https:\/\/ucal.edu.pe\/blog\/\",\"name\":\"Blog UCAL\",\"description\":\"\",\"potentialAction\":[{\"@type\":\"SearchAction\",\"target\":{\"@type\":\"EntryPoint\",\"urlTemplate\":\"https:\/\/ucal.edu.pe\/blog\/?s={search_term_string}\"},\"query-input\":{\"@type\":\"PropertyValueSpecification\",\"valueRequired\":true,\"valueName\":\"search_term_string\"}}],\"inLanguage\":\"es\"},{\"@type\":\"Person\",\"@id\":\"https:\/\/ucal.edu.pe\/blog\/#\/schema\/person\/ced6b59975181db58102c33b968941dc\",\"name\":\"randy\",\"image\":{\"@type\":\"ImageObject\",\"inLanguage\":\"es\",\"@id\":\"https:\/\/ucal.edu.pe\/blog\/#\/schema\/person\/image\/\",\"url\":\"https:\/\/secure.gravatar.com\/avatar\/20bfb8e33e7ef8777dc7ba84a675ae84b3503c275afe49557bda84a02e8e0500?s=96&d=mm&r=g\",\"contentUrl\":\"https:\/\/secure.gravatar.com\/avatar\/20bfb8e33e7ef8777dc7ba84a675ae84b3503c275afe49557bda84a02e8e0500?s=96&d=mm&r=g\",\"caption\":\"randy\"},\"sameAs\":[\"https:\/\/ucal.edu.pe\/blog\"],\"url\":\"https:\/\/ucal.edu.pe\/blog\/author\/randy\/\"}]}<\/script>\n<!-- \/ Yoast SEO plugin. -->","yoast_head_json":{"title":"Estudiantes de UCAL Premiados en el XII Concurso Nacional de Vivienda Social 2024 - Blog UCAL","robots":{"index":"index","follow":"follow","max-snippet":"max-snippet:-1","max-image-preview":"max-image-preview:large","max-video-preview":"max-video-preview:-1"},"canonical":"https:\/\/ucal.edu.pe\/blog\/arquitectura\/estudiantes-de-ucal-premiados-en-el-xii-concurso-nacional-de-vivienda-social-2024\/","og_locale":"es_ES","og_type":"article","og_title":"Estudiantes de UCAL Premiados en el XII Concurso Nacional de Vivienda Social 2024 - Blog UCAL","og_description":"Talento UCAL reconocido en un prestigioso concurso nacional Un grupo de talentosos estudiantes de la Universidad de Ciencias y Artes de la Comunicaci\u00f3n (UCAL) destac\u00f3 entre m\u00e1s de 600 equipos participantes a nivel nacional, al recibir una menci\u00f3n honrosa en el XII Concurso Nacional de Vivienda Social 2024 \u00abConstruye para Crecer\u00bb.&nbsp; Este concurso, organizado por [&hellip;]","og_url":"https:\/\/ucal.edu.pe\/blog\/arquitectura\/estudiantes-de-ucal-premiados-en-el-xii-concurso-nacional-de-vivienda-social-2024\/","og_site_name":"Blog UCAL","article_published_time":"2025-03-19T16:01:19+00:00","article_modified_time":"2025-05-31T02:17:28+00:00","og_image":[{"width":1200,"height":400,"url":"https:\/\/ucal.edu.pe\/blog\/wp-content\/uploads\/2022\/05\/Construye-para-crecer-Banner-1200-x-400-1.jpg.webp","type":"image\/webp"}],"author":"randy","twitter_card":"summary_large_image","twitter_misc":{"Escrito por":"randy","Tiempo de lectura":"2 minutos"},"schema":{"@context":"https:\/\/schema.org","@graph":[{"@type":"WebPage","@id":"https:\/\/ucal.edu.pe\/blog\/arquitectura\/estudiantes-de-ucal-premiados-en-el-xii-concurso-nacional-de-vivienda-social-2024\/","url":"https:\/\/ucal.edu.pe\/blog\/arquitectura\/estudiantes-de-ucal-premiados-en-el-xii-concurso-nacional-de-vivienda-social-2024\/","name":"Estudiantes de UCAL Premiados en el XII Concurso Nacional de Vivienda Social 2024 - Blog UCAL","isPartOf":{"@id":"https:\/\/ucal.edu.pe\/blog\/#website"},"primaryImageOfPage":{"@id":"https:\/\/ucal.edu.pe\/blog\/arquitectura\/estudiantes-de-ucal-premiados-en-el-xii-concurso-nacional-de-vivienda-social-2024\/#primaryimage"},"image":{"@id":"https:\/\/ucal.edu.pe\/blog\/arquitectura\/estudiantes-de-ucal-premiados-en-el-xii-concurso-nacional-de-vivienda-social-2024\/#primaryimage"},"thumbnailUrl":"https:\/\/ucal.edu.pe\/blog\/wp-content\/uploads\/2022\/05\/Construye-para-crecer-Banner-1200-x-400-1.jpg.webp","datePublished":"2025-03-19T16:01:19+00:00","dateModified":"2025-05-31T02:17:28+00:00","author":{"@id":"https:\/\/ucal.edu.pe\/blog\/#\/schema\/person\/ced6b59975181db58102c33b968941dc"},"breadcrumb":{"@id":"https:\/\/ucal.edu.pe\/blog\/arquitectura\/estudiantes-de-ucal-premiados-en-el-xii-concurso-nacional-de-vivienda-social-2024\/#breadcrumb"},"inLanguage":"es","potentialAction":[{"@type":"ReadAction","target":["https:\/\/ucal.edu.pe\/blog\/arquitectura\/estudiantes-de-ucal-premiados-en-el-xii-concurso-nacional-de-vivienda-social-2024\/"]}]},{"@type":"ImageObject","inLanguage":"es","@id":"https:\/\/ucal.edu.pe\/blog\/arquitectura\/estudiantes-de-ucal-premiados-en-el-xii-concurso-nacional-de-vivienda-social-2024\/#primaryimage","url":"https:\/\/ucal.edu.pe\/blog\/wp-content\/uploads\/2022\/05\/Construye-para-crecer-Banner-1200-x-400-1.jpg.webp","contentUrl":"https:\/\/ucal.edu.pe\/blog\/wp-content\/uploads\/2022\/05\/Construye-para-crecer-Banner-1200-x-400-1.jpg.webp","width":1200,"height":400},{"@type":"BreadcrumbList","@id":"https:\/\/ucal.edu.pe\/blog\/arquitectura\/estudiantes-de-ucal-premiados-en-el-xii-concurso-nacional-de-vivienda-social-2024\/#breadcrumb","itemListElement":[{"@type":"ListItem","position":1,"name":"Home","item":"https:\/\/ucal.edu.pe\/blog\/"},{"@type":"ListItem","position":2,"name":"Estudiantes de UCAL Premiados en el XII Concurso Nacional de Vivienda Social 2024"}]},{"@type":"WebSite","@id":"https:\/\/ucal.edu.pe\/blog\/#website","url":"https:\/\/ucal.edu.pe\/blog\/","name":"Blog UCAL","description":"","potentialAction":[{"@type":"SearchAction","target":{"@type":"EntryPoint","urlTemplate":"https:\/\/ucal.edu.pe\/blog\/?s={search_term_string}"},"query-input":{"@type":"PropertyValueSpecification","valueRequired":true,"valueName":"search_term_string"}}],"inLanguage":"es"},{"@type":"Person","@id":"https:\/\/ucal.edu.pe\/blog\/#\/schema\/person\/ced6b59975181db58102c33b968941dc","name":"randy","image":{"@type":"ImageObject","inLanguage":"es","@id":"https:\/\/ucal.edu.pe\/blog\/#\/schema\/person\/image\/","url":"https:\/\/secure.gravatar.com\/avatar\/20bfb8e33e7ef8777dc7ba84a675ae84b3503c275afe49557bda84a02e8e0500?s=96&d=mm&r=g","contentUrl":"https:\/\/secure.gravatar.com\/avatar\/20bfb8e33e7ef8777dc7ba84a675ae84b3503c275afe49557bda84a02e8e0500?s=96&d=mm&r=g","caption":"randy"},"sameAs":["https:\/\/ucal.edu.pe\/blog"],"url":"https:\/\/ucal.edu.pe\/blog\/author\/randy\/"}]}},"_links":{"self":[{"href":"https:\/\/ucal.edu.pe\/blog\/wp-json\/wp\/v2\/posts\/1351","targetHints":{"allow":["GET"]}}],"collection":[{"href":"https:\/\/ucal.edu.pe\/blog\/wp-json\/wp\/v2\/posts"}],"about":[{"href":"https:\/\/ucal.edu.pe\/blog\/wp-json\/wp\/v2\/types\/post"}],"author":[{"embeddable":true,"href":"https:\/\/ucal.edu.pe\/blog\/wp-json\/wp\/v2\/users\/1"}],"replies":[{"embeddable":true,"href":"https:\/\/ucal.edu.pe\/blog\/wp-json\/wp\/v2\/comments?post=1351"}],"version-history":[{"count":1,"href":"https:\/\/ucal.edu.pe\/blog\/wp-json\/wp\/v2\/posts\/1351\/revisions"}],"predecessor-version":[{"id":1388,"href":"https:\/\/ucal.edu.pe\/blog\/wp-json\/wp\/v2\/posts\/1351\/revisions\/1388"}],"wp:featuredmedia":[{"embeddable":true,"href":"https:\/\/ucal.edu.pe\/blog\/wp-json\/wp\/v2\/media\/1535"}],"wp:attachment":[{"href":"https:\/\/ucal.edu.pe\/blog\/wp-json\/wp\/v2\/media?parent=1351"}],"wp:term":[{"taxonomy":"category","embeddable":true,"href":"https:\/\/ucal.edu.pe\/blog\/wp-json\/wp\/v2\/categories?post=1351"},{"taxonomy":"post_tag","embeddable":true,"href":"https:\/\/ucal.edu.pe\/blog\/wp-json\/wp\/v2\/tags?post=1351"}],"curies":[{"name":"wp","href":"https:\/\/api.w.org\/{rel}","templated":true}]}}