{"id":1296,"date":"2024-02-21T14:12:44","date_gmt":"2024-02-21T14:12:44","guid":{"rendered":"https:\/\/ucal.edu.pe\/blog\/vive-ucal\/que-es-apple-vision-pro-y-por-que-nos-recuerda-black-mirror\/"},"modified":"2025-05-31T04:10:24","modified_gmt":"2025-05-31T04:10:24","slug":"que-es-apple-vision-pro-y-por-que-nos-recuerda-black-mirror","status":"publish","type":"post","link":"https:\/\/ucal.edu.pe\/blog\/negocios\/que-es-apple-vision-pro-y-por-que-nos-recuerda-black-mirror\/","title":{"rendered":"\u00bfQu\u00e9 es Apple Vision Pro? \u00bfY por qu\u00e9 nos recuerda a Black Mirror?"},"content":{"rendered":"<p>En el mundo de la tecnolog\u00eda, cada avance nos acerca un poco m\u00e1s al futuro que alguna vez imaginamos en pel\u00edculas y series de ciencia ficci\u00f3n. Uno de esos avances es Apple Vision Pro, una tecnolog\u00eda que nos sumerge en un mundo donde la realidad y la ficci\u00f3n se entrelazan de manera inquietante. Pero, \u00bfqu\u00e9 es exactamente Apple Vision Pro y por qu\u00e9 nos evoca a la famosa serie Black Mirror?<\/p>\n<h2>Apple Vision Pro: M\u00e1s all\u00e1 de la Realidad<\/h2>\n<p>Apple Vision Pro es una plataforma de realidad aumentada (RA) desarrollada por Apple. Aunque a\u00fan no ha sido lanzada oficialmente, los rumores y filtraciones han despertado la curiosidad de los entusiastas de la tecnolog\u00eda. Pero, \u00bfqu\u00e9 hace que esta tecnolog\u00eda sea tan intrigante?<\/p>\n<p><img decoding=\"async\" alt=\"apple-vision-pro1\" data-entity-type=\"file\" data-entity-uuid=\"f8ba3c19-4a83-43b7-86c6-895e59426420\" src=\"\/blog\/sites\/default\/files\/inline-images\/qq.jpg\" \/><\/p>\n<ol>\n<li><strong>Realidad Aumentada Avanzada: <\/strong>Apple Vision Pro lleva la realidad aumentada a un nuevo nivel. A trav\u00e9s de gafas inteligentes o dispositivos m\u00f3viles, los usuarios pueden ver elementos digitales superpuestos en el mundo real. Desde indicaciones de navegaci\u00f3n hasta informaci\u00f3n contextual, la RA se integra perfectamente en nuestra vida cotidiana.<\/li>\n<li><strong>Interacci\u00f3n con el Entorno:<\/strong> Imagina caminar por la ciudad y ver se\u00f1ales digitales que solo t\u00fa puedes ver. \u00bfNecesitas encontrar una cafeter\u00eda? Las flechas flotantes te gu\u00edan. \u00bfQuieres saber la historia de un edificio antiguo? La RA te la cuenta. Apple Vision Pro transforma nuestro entorno en una experiencia interactiva.<\/li>\n<li><strong>Inteligencia Artificial y Reconocimiento Visual:<\/strong> La tecnolog\u00eda detr\u00e1s de Apple Vision Pro es impresionante. Utiliza algoritmos de aprendizaje autom\u00e1tico para reconocer objetos, personas y lugares. \u00bfVes un monumento hist\u00f3rico? La RA te proporciona datos interesantes. \u00bfEncuentras un libro en una librer\u00eda? La RA te muestra rese\u00f1as y recomendaciones.<\/li>\n<\/ol>\n<h2>Black Mirror Vibes<\/h2>\n<p>Si eres fan\u00e1tico de la serie Black Mirror, es probable que encuentres similitudes inquietantes entre su visi\u00f3n dist\u00f3pica y Apple Vision Pro:<\/p>\n<p><img decoding=\"async\" alt=\"black-mirror-vibes\" data-entity-type=\"file\" data-entity-uuid=\"6edfa0b9-29bd-42a4-90af-6fbb9d38b853\" src=\"\/blog\/sites\/default\/files\/inline-images\/black.jpg\" \/><\/p>\n<ul>\n<li><strong>Episodio \u201cNosedive\u201d:<\/strong> En este episodio, las personas califican constantemente a otras en una aplicaci\u00f3n. Apple Vision Pro podr\u00eda llevarnos a una sociedad donde vemos calificaciones flotantes sobre las cabezas de las personas. \u00bfSeremos juzgados por todos a nuestro alrededor?<\/li>\n<li><strong>Episodio \u201cPlaytest\u201d: <\/strong>La l\u00ednea entre la realidad y la ficci\u00f3n se desdibuja en este episodio. Apple Vision Pro podr\u00eda llevarnos a experiencias de juego tan realistas que no podamos distinguir lo que es verdadero y lo que no.<\/li>\n<li><strong>Episodio \u201cArkangel\u201d: <\/strong>La vigilancia constante y la invasi\u00f3n de la privacidad son temas recurrentes en Black Mirror. \u00bfQu\u00e9 sucede cuando Apple Vision Pro nos permite ver la vida de los dem\u00e1s a trav\u00e9s de sus perfiles digitales?<\/li>\n<\/ul>\n<p>Esta nueva plataforma nos acerca a un futuro donde la tecnolog\u00eda redefine nuestra percepci\u00f3n del mundo. Como en Black Mirror, debemos cuestionar los l\u00edmites entre lo real y lo virtual. \u00bfEstamos listos para esta nueva era? Solo el tiempo lo dir\u00e1.<\/p>\n<p>Lo que s\u00ed podemos estar seguros es que los pasos que da la inteligencia artificial ser\u00e1n cada vez m\u00e1s agigantados. Por lo tanto, es imprescindible que nuestro conocimiento tambi\u00e9n se encuentre a la par, sobre todo, para poderlo aplicar de manera efectiva en nuestros proyectos, negocios y emprendimientos. Aprende aqu\u00ed sobre <a href=\"https:\/\/informes.ucal.edu.pe\/diploma\/ia-para-soluciones-innovadoras\"><strong>Inteligencia Artificial para Soluciones Innovadoras<\/strong><\/a>.<\/p>\n","protected":false},"excerpt":{"rendered":"<p>En el mundo de la tecnolog\u00eda, cada avance nos acerca un poco m\u00e1s al futuro que alguna vez imaginamos en pel\u00edculas y series de ciencia ficci\u00f3n. Uno de esos avances es Apple Vision Pro, una tecnolog\u00eda que nos sumerge en un mundo donde la realidad y la ficci\u00f3n se entrelazan de manera inquietante. Pero, \u00bfqu\u00e9 [&hellip;]<\/p>\n","protected":false},"author":1,"featured_media":1626,"comment_status":"open","ping_status":"open","sticky":false,"template":"","format":"standard","meta":{"footnotes":""},"categories":[5],"tags":[],"class_list":["post-1296","post","type-post","status-publish","format-standard","has-post-thumbnail","hentry","category-negocios"],"yoast_head":"<!-- This site is optimized with the Yoast SEO plugin v25.1 - https:\/\/yoast.com\/wordpress\/plugins\/seo\/ -->\n<title>\u00bfQu\u00e9 es Apple Vision Pro? \u00bfY por qu\u00e9 nos recuerda a Black Mirror? - Blog UCAL<\/title>\n<meta name=\"robots\" content=\"index, follow, max-snippet:-1, max-image-preview:large, max-video-preview:-1\" \/>\n<link rel=\"canonical\" href=\"https:\/\/ucal.edu.pe\/blog\/negocios\/que-es-apple-vision-pro-y-por-que-nos-recuerda-black-mirror\/\" \/>\n<meta property=\"og:locale\" content=\"es_ES\" \/>\n<meta property=\"og:type\" content=\"article\" \/>\n<meta property=\"og:title\" content=\"\u00bfQu\u00e9 es Apple Vision Pro? \u00bfY por qu\u00e9 nos recuerda a Black Mirror? - Blog UCAL\" \/>\n<meta property=\"og:description\" content=\"En el mundo de la tecnolog\u00eda, cada avance nos acerca un poco m\u00e1s al futuro que alguna vez imaginamos en pel\u00edculas y series de ciencia ficci\u00f3n. Uno de esos avances es Apple Vision Pro, una tecnolog\u00eda que nos sumerge en un mundo donde la realidad y la ficci\u00f3n se entrelazan de manera inquietante. Pero, \u00bfqu\u00e9 [&hellip;]\" \/>\n<meta property=\"og:url\" content=\"https:\/\/ucal.edu.pe\/blog\/negocios\/que-es-apple-vision-pro-y-por-que-nos-recuerda-black-mirror\/\" \/>\n<meta property=\"og:site_name\" content=\"Blog UCAL\" \/>\n<meta property=\"article:published_time\" content=\"2024-02-21T14:12:44+00:00\" \/>\n<meta property=\"article:modified_time\" content=\"2025-05-31T04:10:24+00:00\" \/>\n<meta property=\"og:image\" content=\"https:\/\/ucal.edu.pe\/blog\/wp-content\/uploads\/2023\/10\/UCAL-BANNER-1-1200x400px_9.jpg.webp\" \/>\n\t<meta property=\"og:image:width\" content=\"1200\" \/>\n\t<meta property=\"og:image:height\" content=\"400\" \/>\n\t<meta property=\"og:image:type\" content=\"image\/webp\" \/>\n<meta name=\"author\" content=\"randy\" \/>\n<meta name=\"twitter:card\" content=\"summary_large_image\" \/>\n<meta name=\"twitter:label1\" content=\"Escrito por\" \/>\n\t<meta name=\"twitter:data1\" content=\"randy\" \/>\n\t<meta name=\"twitter:label2\" content=\"Tiempo de lectura\" \/>\n\t<meta name=\"twitter:data2\" content=\"4 minutos\" \/>\n<script type=\"application\/ld+json\" class=\"yoast-schema-graph\">{\"@context\":\"https:\/\/schema.org\",\"@graph\":[{\"@type\":\"WebPage\",\"@id\":\"https:\/\/ucal.edu.pe\/blog\/negocios\/que-es-apple-vision-pro-y-por-que-nos-recuerda-black-mirror\/\",\"url\":\"https:\/\/ucal.edu.pe\/blog\/negocios\/que-es-apple-vision-pro-y-por-que-nos-recuerda-black-mirror\/\",\"name\":\"\u00bfQu\u00e9 es Apple Vision Pro? \u00bfY por qu\u00e9 nos recuerda a Black Mirror? - Blog UCAL\",\"isPartOf\":{\"@id\":\"https:\/\/ucal.edu.pe\/blog\/#website\"},\"primaryImageOfPage\":{\"@id\":\"https:\/\/ucal.edu.pe\/blog\/negocios\/que-es-apple-vision-pro-y-por-que-nos-recuerda-black-mirror\/#primaryimage\"},\"image\":{\"@id\":\"https:\/\/ucal.edu.pe\/blog\/negocios\/que-es-apple-vision-pro-y-por-que-nos-recuerda-black-mirror\/#primaryimage\"},\"thumbnailUrl\":\"https:\/\/ucal.edu.pe\/blog\/wp-content\/uploads\/2023\/10\/UCAL-BANNER-1-1200x400px_9.jpg.webp\",\"datePublished\":\"2024-02-21T14:12:44+00:00\",\"dateModified\":\"2025-05-31T04:10:24+00:00\",\"author\":{\"@id\":\"https:\/\/ucal.edu.pe\/blog\/#\/schema\/person\/ced6b59975181db58102c33b968941dc\"},\"breadcrumb\":{\"@id\":\"https:\/\/ucal.edu.pe\/blog\/negocios\/que-es-apple-vision-pro-y-por-que-nos-recuerda-black-mirror\/#breadcrumb\"},\"inLanguage\":\"es\",\"potentialAction\":[{\"@type\":\"ReadAction\",\"target\":[\"https:\/\/ucal.edu.pe\/blog\/negocios\/que-es-apple-vision-pro-y-por-que-nos-recuerda-black-mirror\/\"]}]},{\"@type\":\"ImageObject\",\"inLanguage\":\"es\",\"@id\":\"https:\/\/ucal.edu.pe\/blog\/negocios\/que-es-apple-vision-pro-y-por-que-nos-recuerda-black-mirror\/#primaryimage\",\"url\":\"https:\/\/ucal.edu.pe\/blog\/wp-content\/uploads\/2023\/10\/UCAL-BANNER-1-1200x400px_9.jpg.webp\",\"contentUrl\":\"https:\/\/ucal.edu.pe\/blog\/wp-content\/uploads\/2023\/10\/UCAL-BANNER-1-1200x400px_9.jpg.webp\",\"width\":1200,\"height\":400},{\"@type\":\"BreadcrumbList\",\"@id\":\"https:\/\/ucal.edu.pe\/blog\/negocios\/que-es-apple-vision-pro-y-por-que-nos-recuerda-black-mirror\/#breadcrumb\",\"itemListElement\":[{\"@type\":\"ListItem\",\"position\":1,\"name\":\"Home\",\"item\":\"https:\/\/ucal.edu.pe\/blog\/\"},{\"@type\":\"ListItem\",\"position\":2,\"name\":\"\u00bfQu\u00e9 es Apple Vision Pro? \u00bfY por qu\u00e9 nos recuerda a Black Mirror?\"}]},{\"@type\":\"WebSite\",\"@id\":\"https:\/\/ucal.edu.pe\/blog\/#website\",\"url\":\"https:\/\/ucal.edu.pe\/blog\/\",\"name\":\"Blog UCAL\",\"description\":\"\",\"potentialAction\":[{\"@type\":\"SearchAction\",\"target\":{\"@type\":\"EntryPoint\",\"urlTemplate\":\"https:\/\/ucal.edu.pe\/blog\/?s={search_term_string}\"},\"query-input\":{\"@type\":\"PropertyValueSpecification\",\"valueRequired\":true,\"valueName\":\"search_term_string\"}}],\"inLanguage\":\"es\"},{\"@type\":\"Person\",\"@id\":\"https:\/\/ucal.edu.pe\/blog\/#\/schema\/person\/ced6b59975181db58102c33b968941dc\",\"name\":\"randy\",\"image\":{\"@type\":\"ImageObject\",\"inLanguage\":\"es\",\"@id\":\"https:\/\/ucal.edu.pe\/blog\/#\/schema\/person\/image\/\",\"url\":\"https:\/\/secure.gravatar.com\/avatar\/20bfb8e33e7ef8777dc7ba84a675ae84b3503c275afe49557bda84a02e8e0500?s=96&d=mm&r=g\",\"contentUrl\":\"https:\/\/secure.gravatar.com\/avatar\/20bfb8e33e7ef8777dc7ba84a675ae84b3503c275afe49557bda84a02e8e0500?s=96&d=mm&r=g\",\"caption\":\"randy\"},\"sameAs\":[\"https:\/\/ucal.edu.pe\/blog\"],\"url\":\"https:\/\/ucal.edu.pe\/blog\/author\/randy\/\"}]}<\/script>\n<!-- \/ Yoast SEO plugin. -->","yoast_head_json":{"title":"\u00bfQu\u00e9 es Apple Vision Pro? \u00bfY por qu\u00e9 nos recuerda a Black Mirror? - Blog UCAL","robots":{"index":"index","follow":"follow","max-snippet":"max-snippet:-1","max-image-preview":"max-image-preview:large","max-video-preview":"max-video-preview:-1"},"canonical":"https:\/\/ucal.edu.pe\/blog\/negocios\/que-es-apple-vision-pro-y-por-que-nos-recuerda-black-mirror\/","og_locale":"es_ES","og_type":"article","og_title":"\u00bfQu\u00e9 es Apple Vision Pro? \u00bfY por qu\u00e9 nos recuerda a Black Mirror? - Blog UCAL","og_description":"En el mundo de la tecnolog\u00eda, cada avance nos acerca un poco m\u00e1s al futuro que alguna vez imaginamos en pel\u00edculas y series de ciencia ficci\u00f3n. Uno de esos avances es Apple Vision Pro, una tecnolog\u00eda que nos sumerge en un mundo donde la realidad y la ficci\u00f3n se entrelazan de manera inquietante. Pero, \u00bfqu\u00e9 [&hellip;]","og_url":"https:\/\/ucal.edu.pe\/blog\/negocios\/que-es-apple-vision-pro-y-por-que-nos-recuerda-black-mirror\/","og_site_name":"Blog UCAL","article_published_time":"2024-02-21T14:12:44+00:00","article_modified_time":"2025-05-31T04:10:24+00:00","og_image":[{"width":1200,"height":400,"url":"https:\/\/ucal.edu.pe\/blog\/wp-content\/uploads\/2023\/10\/UCAL-BANNER-1-1200x400px_9.jpg.webp","type":"image\/webp"}],"author":"randy","twitter_card":"summary_large_image","twitter_misc":{"Escrito por":"randy","Tiempo de lectura":"4 minutos"},"schema":{"@context":"https:\/\/schema.org","@graph":[{"@type":"WebPage","@id":"https:\/\/ucal.edu.pe\/blog\/negocios\/que-es-apple-vision-pro-y-por-que-nos-recuerda-black-mirror\/","url":"https:\/\/ucal.edu.pe\/blog\/negocios\/que-es-apple-vision-pro-y-por-que-nos-recuerda-black-mirror\/","name":"\u00bfQu\u00e9 es Apple Vision Pro? \u00bfY por qu\u00e9 nos recuerda a Black Mirror? - Blog UCAL","isPartOf":{"@id":"https:\/\/ucal.edu.pe\/blog\/#website"},"primaryImageOfPage":{"@id":"https:\/\/ucal.edu.pe\/blog\/negocios\/que-es-apple-vision-pro-y-por-que-nos-recuerda-black-mirror\/#primaryimage"},"image":{"@id":"https:\/\/ucal.edu.pe\/blog\/negocios\/que-es-apple-vision-pro-y-por-que-nos-recuerda-black-mirror\/#primaryimage"},"thumbnailUrl":"https:\/\/ucal.edu.pe\/blog\/wp-content\/uploads\/2023\/10\/UCAL-BANNER-1-1200x400px_9.jpg.webp","datePublished":"2024-02-21T14:12:44+00:00","dateModified":"2025-05-31T04:10:24+00:00","author":{"@id":"https:\/\/ucal.edu.pe\/blog\/#\/schema\/person\/ced6b59975181db58102c33b968941dc"},"breadcrumb":{"@id":"https:\/\/ucal.edu.pe\/blog\/negocios\/que-es-apple-vision-pro-y-por-que-nos-recuerda-black-mirror\/#breadcrumb"},"inLanguage":"es","potentialAction":[{"@type":"ReadAction","target":["https:\/\/ucal.edu.pe\/blog\/negocios\/que-es-apple-vision-pro-y-por-que-nos-recuerda-black-mirror\/"]}]},{"@type":"ImageObject","inLanguage":"es","@id":"https:\/\/ucal.edu.pe\/blog\/negocios\/que-es-apple-vision-pro-y-por-que-nos-recuerda-black-mirror\/#primaryimage","url":"https:\/\/ucal.edu.pe\/blog\/wp-content\/uploads\/2023\/10\/UCAL-BANNER-1-1200x400px_9.jpg.webp","contentUrl":"https:\/\/ucal.edu.pe\/blog\/wp-content\/uploads\/2023\/10\/UCAL-BANNER-1-1200x400px_9.jpg.webp","width":1200,"height":400},{"@type":"BreadcrumbList","@id":"https:\/\/ucal.edu.pe\/blog\/negocios\/que-es-apple-vision-pro-y-por-que-nos-recuerda-black-mirror\/#breadcrumb","itemListElement":[{"@type":"ListItem","position":1,"name":"Home","item":"https:\/\/ucal.edu.pe\/blog\/"},{"@type":"ListItem","position":2,"name":"\u00bfQu\u00e9 es Apple Vision Pro? \u00bfY por qu\u00e9 nos recuerda a Black Mirror?"}]},{"@type":"WebSite","@id":"https:\/\/ucal.edu.pe\/blog\/#website","url":"https:\/\/ucal.edu.pe\/blog\/","name":"Blog UCAL","description":"","potentialAction":[{"@type":"SearchAction","target":{"@type":"EntryPoint","urlTemplate":"https:\/\/ucal.edu.pe\/blog\/?s={search_term_string}"},"query-input":{"@type":"PropertyValueSpecification","valueRequired":true,"valueName":"search_term_string"}}],"inLanguage":"es"},{"@type":"Person","@id":"https:\/\/ucal.edu.pe\/blog\/#\/schema\/person\/ced6b59975181db58102c33b968941dc","name":"randy","image":{"@type":"ImageObject","inLanguage":"es","@id":"https:\/\/ucal.edu.pe\/blog\/#\/schema\/person\/image\/","url":"https:\/\/secure.gravatar.com\/avatar\/20bfb8e33e7ef8777dc7ba84a675ae84b3503c275afe49557bda84a02e8e0500?s=96&d=mm&r=g","contentUrl":"https:\/\/secure.gravatar.com\/avatar\/20bfb8e33e7ef8777dc7ba84a675ae84b3503c275afe49557bda84a02e8e0500?s=96&d=mm&r=g","caption":"randy"},"sameAs":["https:\/\/ucal.edu.pe\/blog"],"url":"https:\/\/ucal.edu.pe\/blog\/author\/randy\/"}]}},"_links":{"self":[{"href":"https:\/\/ucal.edu.pe\/blog\/wp-json\/wp\/v2\/posts\/1296","targetHints":{"allow":["GET"]}}],"collection":[{"href":"https:\/\/ucal.edu.pe\/blog\/wp-json\/wp\/v2\/posts"}],"about":[{"href":"https:\/\/ucal.edu.pe\/blog\/wp-json\/wp\/v2\/types\/post"}],"author":[{"embeddable":true,"href":"https:\/\/ucal.edu.pe\/blog\/wp-json\/wp\/v2\/users\/1"}],"replies":[{"embeddable":true,"href":"https:\/\/ucal.edu.pe\/blog\/wp-json\/wp\/v2\/comments?post=1296"}],"version-history":[{"count":1,"href":"https:\/\/ucal.edu.pe\/blog\/wp-json\/wp\/v2\/posts\/1296\/revisions"}],"predecessor-version":[{"id":1444,"href":"https:\/\/ucal.edu.pe\/blog\/wp-json\/wp\/v2\/posts\/1296\/revisions\/1444"}],"wp:featuredmedia":[{"embeddable":true,"href":"https:\/\/ucal.edu.pe\/blog\/wp-json\/wp\/v2\/media\/1626"}],"wp:attachment":[{"href":"https:\/\/ucal.edu.pe\/blog\/wp-json\/wp\/v2\/media?parent=1296"}],"wp:term":[{"taxonomy":"category","embeddable":true,"href":"https:\/\/ucal.edu.pe\/blog\/wp-json\/wp\/v2\/categories?post=1296"},{"taxonomy":"post_tag","embeddable":true,"href":"https:\/\/ucal.edu.pe\/blog\/wp-json\/wp\/v2\/tags?post=1296"}],"curies":[{"name":"wp","href":"https:\/\/api.w.org\/{rel}","templated":true}]}}